{"id":52076,"date":"2025-06-06T16:57:42","date_gmt":"2025-06-06T15:57:42","guid":{"rendered":"https:\/\/manageart.es\/?p=52076"},"modified":"2025-06-06T16:59:06","modified_gmt":"2025-06-06T15:59:06","slug":"grupo-de-inteligencia-artificial-en-el-foro-de-manageart","status":"publish","type":"post","link":"https:\/\/manageart.es\/es\/2025\/06\/06\/grupo-de-inteligencia-artificial-en-el-foro-de-manageart\/","title":{"rendered":"Lanzamiento del grupo de Inteligencia Artificial en el Foro de ManageArt"},"content":{"rendered":"\n<p>El d\u00eda 5 de junio se celebr\u00f3 la 1\u00aa sesi\u00f3n del grupo de Inteligencia Artificial (IA) del Foro de Eficiencia Industrial de ManageArt.<\/p>\n\n\n\n<p>El grupo de IA, se reuni\u00f3 en<strong> las instalaciones de Boeheringer Ingelheim en Sant Cugat del Vall\u00e9s (Barcelona)<\/strong>. La reuni\u00f3n comenz\u00f3 con la explicaci\u00f3n de los antecedentes de la reuni\u00f3n de miembros del Foro del pasado 5 de marzo en la universidad de Comillas ONEXED (Madrid) y sigui\u00f3 con los objetivos planteados para la sesi\u00f3n, fundamentalmente centrados en compartir donde estaban las principales oportunidades en proyectos de utilizaci\u00f3n de la IA en la industria farmac\u00e9utica. Antes de entrar en el trabajo por equipos, el equipo de IT de Boehringer Ingelheim nos present\u00f3 una serie de Casos de Usos en los que la compa\u00f1\u00eda hab\u00eda trabajado o estaba trabajando a modo de ejemplo de proyectos de IA en el Grupo.\u00a0<\/p>\n\n\n\n<p>A continuaci\u00f3n, en grupos de trabajo, se discutieron 22 proyectos u oportunidades en base a la relaci\u00f3n de complejidad &#8211; inversi\u00f3n \u2013 beneficio de modo que pudieron identificarse las principales acciones para empezar un camino de proyectos basados en la IA.\u00a0 Se presentaron las conclusiones de cada grupo de trabajo y se abri\u00f3 un debate alrededor de c\u00f3mo se aconsejaba empezar, b\u00e1sicamente con alg\u00fan proyecto con poca integraci\u00f3n de los sistemas, para demostrar que hay retorno alcanzable en el corto plazo. <\/p>\n\n\n\n<p>Tambi\u00e9n surgi\u00f3 la idea de definir y compartir en un futuro la realizaci\u00f3n de un Business Case \u201ctipo\u201d para evitar \u201cstoppers\u201d y poder hacer un seguimiento durante la implantaci\u00f3n de los resultados obtenidos y compararlos con los estimados. Se consensu\u00f3 la gran velocidad a la que avanza el ecosistema de la IA y que se deb\u00eda acelerar la pueta en marcha de proyectos, combinando la utilizaci\u00f3n de recursos internos como de soluciones ya existentes en el mercado.\u00a0 Adem\u00e1s, tuvimos la oportunidad de visitar las instalaciones de Respimat del complejo de Sant Cugat.<\/p>\n\n\n\n<p>En las pr\u00f3ximas semanas <strong>se realizar\u00e1 un calendario de sesiones del grupo de trabajo de IA y tambi\u00e9n se trabajar\u00e1 una agenda con la Feria de Expoquimia26<\/strong>, que se celebrar\u00e1 en el mes de junio de 2026 donde el Foro tendr\u00e1 la oportunidad de liderar una mesa redonda y explicar proyectos de Digitalizaci\u00f3n e IA en el sector industrial farmac\u00e9utico.<\/p>\n\n\n\n<p>Agradecer la hospitalidad y organizaci\u00f3n por parte del equipo de Boeheringer Ingelheim, en especial a Eduardo Lecea de Boehringer quien nos ayud\u00f3 a organizar el evento, as\u00ed como a Carlos Morr\u00e1s Ruiz-Falc\u00f3, quien nos acompa\u00f1\u00f3 ayer para poder dar apoyo a los grupos de trabajo y dinamizarlos para poder identificar las oportunidades en el sector.<\/p>\n\n\n\n<p><\/p>\n\n\n\n<figure class=\"wp-block-image size-large\"><img decoding=\"async\" loading=\"lazy\" width=\"1024\" height=\"660\" src=\"https:\/\/manageart.es\/wp-content\/uploads\/2025\/06\/Foro-Manageart-Inteligencia-Artificial-junio-2025-1024x660.jpg\" alt=\"\" class=\"wp-image-52079\" srcset=\"https:\/\/manageart.es\/wp-content\/uploads\/2025\/06\/Foro-Manageart-Inteligencia-Artificial-junio-2025-1024x660.jpg 1024w, https:\/\/manageart.es\/wp-content\/uploads\/2025\/06\/Foro-Manageart-Inteligencia-Artificial-junio-2025-300x194.jpg 300w, https:\/\/manageart.es\/wp-content\/uploads\/2025\/06\/Foro-Manageart-Inteligencia-Artificial-junio-2025-768x495.jpg 768w, https:\/\/manageart.es\/wp-content\/uploads\/2025\/06\/Foro-Manageart-Inteligencia-Artificial-junio-2025-1536x991.jpg 1536w, https:\/\/manageart.es\/wp-content\/uploads\/2025\/06\/Foro-Manageart-Inteligencia-Artificial-junio-2025.jpg 1600w\" sizes=\"(max-width: 1024px) 100vw, 1024px\" \/><\/figure>\n","protected":false},"excerpt":{"rendered":"<p>Lanzamiento del grupo de Inteligencia Artificial en el Foro de ManageArt en las instalaciones de Boeheringer Ingelheim en Sant Cugat del Vall\u00e9s (Barcelona).<\/p>\n","protected":false},"author":1,"featured_media":52078,"comment_status":"open","ping_status":"closed","sticky":false,"template":"","format":"standard","meta":{"_mi_skip_tracking":false,"_exactmetrics_sitenote_active":false,"_exactmetrics_sitenote_note":"","_exactmetrics_sitenote_category":0,"footnotes":""},"categories":[211],"tags":[],"_links":{"self":[{"href":"https:\/\/manageart.es\/es\/wp-json\/wp\/v2\/posts\/52076"}],"collection":[{"href":"https:\/\/manageart.es\/es\/wp-json\/wp\/v2\/posts"}],"about":[{"href":"https:\/\/manageart.es\/es\/wp-json\/wp\/v2\/types\/post"}],"author":[{"embeddable":true,"href":"https:\/\/manageart.es\/es\/wp-json\/wp\/v2\/users\/1"}],"replies":[{"embeddable":true,"href":"https:\/\/manageart.es\/es\/wp-json\/wp\/v2\/comments?post=52076"}],"version-history":[{"count":3,"href":"https:\/\/manageart.es\/es\/wp-json\/wp\/v2\/posts\/52076\/revisions"}],"predecessor-version":[{"id":52082,"href":"https:\/\/manageart.es\/es\/wp-json\/wp\/v2\/posts\/52076\/revisions\/52082"}],"wp:featuredmedia":[{"embeddable":true,"href":"https:\/\/manageart.es\/es\/wp-json\/wp\/v2\/media\/52078"}],"wp:attachment":[{"href":"https:\/\/manageart.es\/es\/wp-json\/wp\/v2\/media?parent=52076"}],"wp:term":[{"taxonomy":"category","embeddable":true,"href":"https:\/\/manageart.es\/es\/wp-json\/wp\/v2\/categories?post=52076"},{"taxonomy":"post_tag","embeddable":true,"href":"https:\/\/manageart.es\/es\/wp-json\/wp\/v2\/tags?post=52076"}],"curies":[{"name":"wp","href":"https:\/\/api.w.org\/{rel}","templated":true}]}}